{"id":787,"date":"2016-07-24T17:28:35","date_gmt":"2016-07-24T17:28:35","guid":{"rendered":"http:\/\/www.drmassa.com.mx\/home\/?p=787"},"modified":"2016-08-01T01:11:57","modified_gmt":"2016-08-01T01:11:57","slug":"las-demencias","status":"publish","type":"post","link":"https:\/\/www.drmassa.com.mx\/home\/noticias\/las-demencias\/","title":{"rendered":"LAS DEMENCIAS I"},"content":{"rendered":"<p><strong><em>Demencia<\/em><\/strong><strong> es el t\u00e9rmino con que designamos al conjunto de s\u00edntomas causados por distintos trastornos neurol\u00f3gicos, que afectan la memoria, el pensamiento, las habilidades sociales y laborales y, en general,\u00a0 el funcionamiento diario. <\/strong><\/p>\n<p><strong>Aunque generalmente la implica, la p\u00e9rdida de memoria como \u00fanico s\u00edntoma no basta para diagnosticar un demencia; debe acompa\u00f1arse tambi\u00e9n de deterioro significativo de por lo menos otra \u00e1rea cerebral, generalmente la asociada con las habilidades del lenguaje.<\/strong><\/p>\n<p><strong>La demencia m\u00e1s com\u00fan (representa entre el 60 y el 80% de los casos) es la Enfermedad de Alzheimer, que se caracteriza por ser progresiva e irreversible, y cuyo aumento se explica en gran medida porque est\u00e1 \u00edntimamente ligada al envejecimiento en esta \u00e9poca en la que el promedio de vida es cada vez mayor. Seg\u00fan estad\u00edsticas recientes, el 5% de la poblaci\u00f3n mayor de 65 a\u00f1os y entre el 20 y el 40% de la poblaci\u00f3n mayor de 85 a\u00f1os presentan una demencia en grado de moderado a severo. Esto no significa, sin embargo, que la demencia sea una parte normal del envejecimiento.<\/strong><\/p>\n<p><strong>Otros tipos menos frecuentes de demencias tambi\u00e9n degenerativas \u00a0son la demencia vascular, la demencia de los cuerpos de Lewy, la demencia fronto-temporal, el mal de Parkinson y, con otras caracter\u00edsticas que le son propias, la enfermedad de Huntington. Hay sin embargo otros tipos de demencia que pueden ser est\u00e1ticos e incluso reversibles, como los causados por abuso de sustancias, problemas endocrinos, infecciones, tumores, etc.<\/strong><\/p>\n<p><strong>Al margen de su etiolog\u00eda y de su pron\u00f3stico, las distintas formas de demencia tienen por lo general algunos de estos s\u00edntomas en com\u00fan:<\/strong><\/p>\n<ul>\n<li><strong>Cambios cognitivos que incluyen p\u00e9rdida de memoria, dificultad para comunicarse o encontrar las palabras que se buscan, dificultades de razonamiento y de desarrollo de actividades, dificultad para planear y organizarse, dificultad para coordinar las funciones motrices, confusi\u00f3n y desorientaci\u00f3n.<\/strong><\/li>\n<li><strong>Cambios psicol\u00f3gicos que incluyen ansiedad, depresi\u00f3n, comportamiento inadecuado, deterioro de la personalidad, paranoia, alucinaciones.<\/strong><\/li>\n<\/ul>\n<p><strong>El desarrollo de la demencia depender\u00e1 del tipo de que se trate, pero tambi\u00e9n de un diagn\u00f3stico adecuado que permita, seg\u00fan el caso, hacer m\u00e1s lenta, detener o incluso revertir la sintomatolog\u00eda o algunos de los s\u00edntomas; mejorar la calidad de vida del paciente y, por ejemplo en el caso de la demencia vascular, tomar medidas preventivas que incluyen cambios de dieta, ejercicio, control de la presi\u00f3n sangu\u00ednea, de la diabetes, etc.<\/strong><\/p>\n<p><strong>En la pr\u00f3xima entrega se\u00f1alaremos brevemente las principales caracter\u00edsticas de cada tipo de demencia.<\/strong><\/p>\n<p style=\"text-align: center;\"><a href=\"http:\/\/www.drmassa.com.mx\/home\/wp-content\/uploads\/2016\/07\/alzheimer-demencia-arte-william-autorretrato-Utermohlen-lucha-contra-la-demencia.jpg\"><img decoding=\"async\" loading=\"lazy\" class=\"alignnone  wp-image-788\" src=\"http:\/\/www.drmassa.com.mx\/home\/wp-content\/uploads\/2016\/07\/alzheimer-demencia-arte-william-autorretrato-Utermohlen-lucha-contra-la-demencia-300x200.jpg\" alt=\"alzheimer-demencia-arte-william-autorretrato Utermohlen lucha contra la demencia\" width=\"723\" height=\"482\" srcset=\"https:\/\/www.drmassa.com.mx\/home\/wp-content\/uploads\/2016\/07\/alzheimer-demencia-arte-william-autorretrato-Utermohlen-lucha-contra-la-demencia-300x200.jpg 300w, https:\/\/www.drmassa.com.mx\/home\/wp-content\/uploads\/2016\/07\/alzheimer-demencia-arte-william-autorretrato-Utermohlen-lucha-contra-la-demencia.jpg 770w\" sizes=\"(max-width: 723px) 100vw, 723px\" \/><\/a><\/p>\n<h5 style=\"text-align: center;\"><span style=\"color: #000000;\">WILLIAM UTERMOHLEN. Autorretratos (el primero data de 1967, cuando el artista empez\u00f3 a interesarse en esta forma de arte;\u00a0<\/span><span style=\"color: #000000;\">el segundo lo realiz\u00f3 en 1999, cinco a\u00f1os despu\u00e9s del diagn\u00f3stico de Alzheimer a partir del cual intent\u00f3 luchar contra el olvido de su propio rostro).<\/span><\/h5>\n","protected":false},"excerpt":{"rendered":"<p>Demencia es el t\u00e9rmino con que designamos al conjunto de s\u00edntomas causados por distintos trastornos neurol\u00f3gicos, que afectan la memoria, el pensamiento, las habilidades sociales y laborales y, en general,\u00a0 el funcionamiento diario. Aunque generalmente la implica, la p\u00e9rdida de memoria como \u00fanico s\u00edntoma no basta para diagnosticar un demencia; debe acompa\u00f1arse tambi\u00e9n de deterioro [&hellip;]<\/p>\n","protected":false},"author":2,"featured_media":0,"comment_status":"open","ping_status":"open","sticky":false,"template":"","format":"standard","meta":[],"categories":[4],"tags":[],"_links":{"self":[{"href":"https:\/\/www.drmassa.com.mx\/home\/wp-json\/wp\/v2\/posts\/787"}],"collection":[{"href":"https:\/\/www.drmassa.com.mx\/home\/wp-json\/wp\/v2\/posts"}],"about":[{"href":"https:\/\/www.drmassa.com.mx\/home\/wp-json\/wp\/v2\/types\/post"}],"author":[{"embeddable":true,"href":"https:\/\/www.drmassa.com.mx\/home\/wp-json\/wp\/v2\/users\/2"}],"replies":[{"embeddable":true,"href":"https:\/\/www.drmassa.com.mx\/home\/wp-json\/wp\/v2\/comments?post=787"}],"version-history":[{"count":3,"href":"https:\/\/www.drmassa.com.mx\/home\/wp-json\/wp\/v2\/posts\/787\/revisions"}],"predecessor-version":[{"id":792,"href":"https:\/\/www.drmassa.com.mx\/home\/wp-json\/wp\/v2\/posts\/787\/revisions\/792"}],"wp:attachment":[{"href":"https:\/\/www.drmassa.com.mx\/home\/wp-json\/wp\/v2\/media?parent=787"}],"wp:term":[{"taxonomy":"category","embeddable":true,"href":"https:\/\/www.drmassa.com.mx\/home\/wp-json\/wp\/v2\/categories?post=787"},{"taxonomy":"post_tag","embeddable":true,"href":"https:\/\/www.drmassa.com.mx\/home\/wp-json\/wp\/v2\/tags?post=787"}],"curies":[{"name":"wp","href":"https:\/\/api.w.org\/{rel}","templated":true}]}}