{"id":965,"date":"2017-08-07T01:16:05","date_gmt":"2017-08-07T01:16:05","guid":{"rendered":"http:\/\/www.drmassa.com.mx\/home\/?p=965"},"modified":"2017-08-07T01:16:05","modified_gmt":"2017-08-07T01:16:05","slug":"resiliencia-i","status":"publish","type":"post","link":"https:\/\/www.drmassa.com.mx\/home\/noticias\/resiliencia-i\/","title":{"rendered":"RESILIENCIA I"},"content":{"rendered":"<p>Lo que hemos visto acerca de las emociones positivas es en realidad un pre\u00e1mbulo para introducirnos en el tema de la resiliencia, es decir, de la capacidad que tenemos los humanos, algunas veces no desarrollada, de adaptarnos a los eventos estresantes o traum\u00e1ticos, sin que exista el riesgo de recaer en el grado de angustia o estr\u00e9s alcanzado en el momento del evento desafortunado o de desarrollar una patolog\u00eda como el estr\u00e9s postraum\u00e1tico.<\/p>\n<p>El t\u00e9rmino resiliencia se emple\u00f3 originalmente en ingenier\u00eda para referirse a la propiedad que tienen algunos materiales de retomar su forma original despu\u00e9s de que han sido deformados, o bien, a la resistencia que esos materiales presentan ante golpes o choques bruscos.<\/p>\n<p>La imagen resulta \u00a0claramente afortunada para aplicarla a las personas que se recuperan de grandes sufrimientos, condiciones traum\u00e1ticas, privaciones significativas, amenazas serias o estr\u00e9s excesivo.<\/p>\n<p>Esa capacidad sorprendente es resultado no tanto de un rasgo de personalidad como \u00a0de un proceso en el que intervienen factores gen\u00e9ticos, bioqu\u00edmicos e individuales, familiares y comunitarios.<\/p>\n<p>En la siguiente entrega hablaremos de las caracter\u00edsticas psicol\u00f3gicas de la resiliencia.<\/p>\n<p>&nbsp;<\/p>\n<p>&nbsp;<\/p>\n<p><a href=\"http:\/\/www.drmassa.com.mx\/home\/wp-content\/uploads\/2017\/08\/vicisitudes-jason.jpg\"><img decoding=\"async\" loading=\"lazy\" class=\" wp-image-966 aligncenter\" src=\"http:\/\/www.drmassa.com.mx\/home\/wp-content\/uploads\/2017\/08\/vicisitudes-jason-300x169.jpg\" alt=\"\" width=\"790\" height=\"445\" srcset=\"https:\/\/www.drmassa.com.mx\/home\/wp-content\/uploads\/2017\/08\/vicisitudes-jason-300x169.jpg 300w, https:\/\/www.drmassa.com.mx\/home\/wp-content\/uploads\/2017\/08\/vicisitudes-jason.jpg 644w\" sizes=\"(max-width: 790px) 100vw, 790px\" \/><\/a><\/p>\n<p style=\"text-align: center;\">JASON deCAIRES TAYLOR. <em>Vicisitudes <\/em>(escultura bajo el agua).<\/p>\n","protected":false},"excerpt":{"rendered":"<p>Lo que hemos visto acerca de las emociones positivas es en realidad un pre\u00e1mbulo para introducirnos en el tema de la resiliencia, es decir, de la capacidad que tenemos los humanos, algunas veces no desarrollada, de adaptarnos a los eventos estresantes o traum\u00e1ticos, sin que exista el riesgo de recaer en el grado de angustia [&hellip;]<\/p>\n","protected":false},"author":2,"featured_media":0,"comment_status":"open","ping_status":"open","sticky":false,"template":"","format":"standard","meta":[],"categories":[4],"tags":[],"_links":{"self":[{"href":"https:\/\/www.drmassa.com.mx\/home\/wp-json\/wp\/v2\/posts\/965"}],"collection":[{"href":"https:\/\/www.drmassa.com.mx\/home\/wp-json\/wp\/v2\/posts"}],"about":[{"href":"https:\/\/www.drmassa.com.mx\/home\/wp-json\/wp\/v2\/types\/post"}],"author":[{"embeddable":true,"href":"https:\/\/www.drmassa.com.mx\/home\/wp-json\/wp\/v2\/users\/2"}],"replies":[{"embeddable":true,"href":"https:\/\/www.drmassa.com.mx\/home\/wp-json\/wp\/v2\/comments?post=965"}],"version-history":[{"count":1,"href":"https:\/\/www.drmassa.com.mx\/home\/wp-json\/wp\/v2\/posts\/965\/revisions"}],"predecessor-version":[{"id":967,"href":"https:\/\/www.drmassa.com.mx\/home\/wp-json\/wp\/v2\/posts\/965\/revisions\/967"}],"wp:attachment":[{"href":"https:\/\/www.drmassa.com.mx\/home\/wp-json\/wp\/v2\/media?parent=965"}],"wp:term":[{"taxonomy":"category","embeddable":true,"href":"https:\/\/www.drmassa.com.mx\/home\/wp-json\/wp\/v2\/categories?post=965"},{"taxonomy":"post_tag","embeddable":true,"href":"https:\/\/www.drmassa.com.mx\/home\/wp-json\/wp\/v2\/tags?post=965"}],"curies":[{"name":"wp","href":"https:\/\/api.w.org\/{rel}","templated":true}]}}