{"id":976,"date":"2017-08-28T00:40:35","date_gmt":"2017-08-28T00:40:35","guid":{"rendered":"http:\/\/www.drmassa.com.mx\/home\/?p=976"},"modified":"2017-08-28T00:40:35","modified_gmt":"2017-08-28T00:40:35","slug":"resiliencia-iv","status":"publish","type":"post","link":"https:\/\/www.drmassa.com.mx\/home\/noticias\/resiliencia-iv\/","title":{"rendered":"RESILIENCIA IV"},"content":{"rendered":"<p>Hasta donde hemos visto y a falta de programas de salud p\u00fablica que indiquen lo contrario, parecer\u00eda que la resiliencia es un factor de protecci\u00f3n contra los trastornos mentales absolutamente clasista. Como en tantas otras \u00e1reas de la vida cotidiana, es m\u00e1s f\u00e1cil que se recuperen de las adversidades los miembros de familias estructuradas, con educaci\u00f3n superior, estabilidad econ\u00f3mica, etc., que los que carecen de esos bienes a los que en una sociedad igualitaria todos tendr\u00edamos derecho. Por supuesto hay excepciones a la regla: ni los genes ni los neurotransmisores saben de clases y pueden ser igualmente susceptibles de ceder ante el trauma y rendirse al sufrimiento sin m\u00e1s. Tambi\u00e9n tiene algo de excepcional el hecho de que, sin importar su status,\u00a0 en los pacientes esquizofr\u00e9nicos logran mejorar sensiblemente sus niveles de funcionalidad mediante las t\u00e9cnicas que emplea la psicolog\u00eda positiva, asociadas con la resiliencia, como el fortalecimiento de la autoimagen, el autocontrol, el reconocimiento de la relaci\u00f3n entre pensamientos y acciones etc.<\/p>\n<p>Hace muchas d\u00e9cadas que los pa\u00edses desarrollados cuentan con programas preventivos y de atenci\u00f3n de pr\u00e1cticamente cualquier tipo de emergencia que afecte a una comunidad, como desastres naturales o provocados, epidemias, accidentes a\u00e9reos o ferroviarios etc., bajo la premisa de que es necesario que la comunidad resista el da\u00f1o sin perder funcionalidad y readapt\u00e1ndose prontamente a la normalidad o, incluso, a una \u201cnueva normalidad\u201d.\u00a0 Algunos de esos pa\u00edses, que tienen guerras fuera de su territorio, enfrentan un nuevo enemigo, el terrorismo, frente al que, dec\u00eda Obama, no hay que sentir p\u00e1nico, sino ser resiliente.<\/p>\n<p>En un pa\u00eds como el nuestro, insuficientemente protegido por pol\u00edticas p\u00fablicas adecuadas, la asistencia inmediata en una emergencia proviene generalmente de un amigo, un compa\u00f1ero de trabajo, un familiar o un transe\u00fante que nos advierte necesitados de atenci\u00f3n emocional y\/o f\u00edsica en tanto v\u00edctimas de un accidente, un desastre natural, la delincuencia organizada o la violencia urbana.<\/p>\n<p>&nbsp;<\/p>\n<p><a href=\"http:\/\/www.drmassa.com.mx\/home\/wp-content\/uploads\/2017\/08\/Vladimir-Kush-Sculptures1.jpg\"><img decoding=\"async\" loading=\"lazy\" class=\" wp-image-977 aligncenter\" src=\"http:\/\/www.drmassa.com.mx\/home\/wp-content\/uploads\/2017\/08\/Vladimir-Kush-Sculptures1-232x300.jpg\" alt=\"\" width=\"471\" height=\"609\" srcset=\"https:\/\/www.drmassa.com.mx\/home\/wp-content\/uploads\/2017\/08\/Vladimir-Kush-Sculptures1-232x300.jpg 232w, https:\/\/www.drmassa.com.mx\/home\/wp-content\/uploads\/2017\/08\/Vladimir-Kush-Sculptures1.jpg 541w\" sizes=\"(max-width: 471px) 100vw, 471px\" \/><\/a><\/p>\n<p style=\"text-align: center;\">VLAD\u00cdMIR KUSH. <em>Nogal<\/em><\/p>\n<p><a href=\"http:\/\/www.drmassa.com.mx\/home\/wp-content\/uploads\/2017\/08\/Vladimir-Kush-Sculptures1.jpg\"><\/a><\/p>\n","protected":false},"excerpt":{"rendered":"<p>Hasta donde hemos visto y a falta de programas de salud p\u00fablica que indiquen lo contrario, parecer\u00eda que la resiliencia es un factor de protecci\u00f3n contra los trastornos mentales absolutamente clasista. Como en tantas otras \u00e1reas de la vida cotidiana, es m\u00e1s f\u00e1cil que se recuperen de las adversidades los miembros de familias estructuradas, con [&hellip;]<\/p>\n","protected":false},"author":2,"featured_media":0,"comment_status":"open","ping_status":"open","sticky":false,"template":"","format":"standard","meta":[],"categories":[4],"tags":[],"_links":{"self":[{"href":"https:\/\/www.drmassa.com.mx\/home\/wp-json\/wp\/v2\/posts\/976"}],"collection":[{"href":"https:\/\/www.drmassa.com.mx\/home\/wp-json\/wp\/v2\/posts"}],"about":[{"href":"https:\/\/www.drmassa.com.mx\/home\/wp-json\/wp\/v2\/types\/post"}],"author":[{"embeddable":true,"href":"https:\/\/www.drmassa.com.mx\/home\/wp-json\/wp\/v2\/users\/2"}],"replies":[{"embeddable":true,"href":"https:\/\/www.drmassa.com.mx\/home\/wp-json\/wp\/v2\/comments?post=976"}],"version-history":[{"count":1,"href":"https:\/\/www.drmassa.com.mx\/home\/wp-json\/wp\/v2\/posts\/976\/revisions"}],"predecessor-version":[{"id":978,"href":"https:\/\/www.drmassa.com.mx\/home\/wp-json\/wp\/v2\/posts\/976\/revisions\/978"}],"wp:attachment":[{"href":"https:\/\/www.drmassa.com.mx\/home\/wp-json\/wp\/v2\/media?parent=976"}],"wp:term":[{"taxonomy":"category","embeddable":true,"href":"https:\/\/www.drmassa.com.mx\/home\/wp-json\/wp\/v2\/categories?post=976"},{"taxonomy":"post_tag","embeddable":true,"href":"https:\/\/www.drmassa.com.mx\/home\/wp-json\/wp\/v2\/tags?post=976"}],"curies":[{"name":"wp","href":"https:\/\/api.w.org\/{rel}","templated":true}]}}